{"id":506,"date":"2024-04-15T15:43:15","date_gmt":"2024-04-15T15:43:15","guid":{"rendered":"https:\/\/abolition.nu\/?p=506"},"modified":"2024-04-15T16:18:52","modified_gmt":"2024-04-15T16:18:52","slug":"kronik-til-eftertryk","status":"publish","type":"post","link":"https:\/\/abolition.nu\/index.php\/2024\/04\/15\/kronik-til-eftertryk\/","title":{"rendered":"Den danske regerings planer om at sende f\u00e6ngselsindsatte til afsoning i Kosovo kommer ikke til at l\u00f8se overbel\u00e6gningen i de danske f\u00e6ngsler &#8211; Kronik til Eftertryk"},"content":{"rendered":"\n<p>I stedet styrker planen en tendens gennem de sidste 20 \u00e5r, hvor det retslige system i stigende grad anvendes til at marginalisere og give h\u00e5rdere straffe til personer fra s\u00e5kaldt \u201dikke-vestlige lande\u201d. Det er en diskriminerende straffepraksis, og en uretf\u00e6rdig retf\u00e6rdighedspolitik.<br><br>L\u00e6s kronikken her: <a href=\"https:\/\/www.eftertrykket.dk\/2024\/02\/21\/dansk-leje-af-faengsel-i-kosovo-cementerer-en-diskriminerende-straffepraksis\/\">https:\/\/www.eftertrykket.dk\/2024\/02\/21\/dansk-leje-af-faengsel-i-kosovo-cementerer-en-diskriminerende-straffepraksis\/<\/a><\/p>\n","protected":false},"excerpt":{"rendered":"<p>I stedet styrker planen en tendens gennem de sidste 20 \u00e5r, hvor det retslige system i stigende grad anvendes til at marginalisere og give h\u00e5rdere straffe til personer fra s\u00e5kaldt \u201dikke-vestlige lande\u201d. Det er en diskriminerende straffepraksis, og en uretf\u00e6rdig retf\u00e6rdighedspolitik. L\u00e6s kronikken her: https:\/\/www.eftertrykket.dk\/2024\/02\/21\/dansk-leje-af-faengsel-i-kosovo-cementerer-en-diskriminerende-straffepraksis\/<\/p>\n","protected":false},"author":1,"featured_media":0,"comment_status":"closed","ping_status":"closed","sticky":false,"template":"","format":"standard","meta":{"footnotes":""},"categories":[1],"tags":[],"class_list":["post-506","post","type-post","status-publish","format-standard","hentry","category-uncategorized"],"_links":{"self":[{"href":"https:\/\/abolition.nu\/index.php\/wp-json\/wp\/v2\/posts\/506","targetHints":{"allow":["GET"]}}],"collection":[{"href":"https:\/\/abolition.nu\/index.php\/wp-json\/wp\/v2\/posts"}],"about":[{"href":"https:\/\/abolition.nu\/index.php\/wp-json\/wp\/v2\/types\/post"}],"author":[{"embeddable":true,"href":"https:\/\/abolition.nu\/index.php\/wp-json\/wp\/v2\/users\/1"}],"replies":[{"embeddable":true,"href":"https:\/\/abolition.nu\/index.php\/wp-json\/wp\/v2\/comments?post=506"}],"version-history":[{"count":3,"href":"https:\/\/abolition.nu\/index.php\/wp-json\/wp\/v2\/posts\/506\/revisions"}],"predecessor-version":[{"id":544,"href":"https:\/\/abolition.nu\/index.php\/wp-json\/wp\/v2\/posts\/506\/revisions\/544"}],"wp:attachment":[{"href":"https:\/\/abolition.nu\/index.php\/wp-json\/wp\/v2\/media?parent=506"}],"wp:term":[{"taxonomy":"category","embeddable":true,"href":"https:\/\/abolition.nu\/index.php\/wp-json\/wp\/v2\/categories?post=506"},{"taxonomy":"post_tag","embeddable":true,"href":"https:\/\/abolition.nu\/index.php\/wp-json\/wp\/v2\/tags?post=506"}],"curies":[{"name":"wp","href":"https:\/\/api.w.org\/{rel}","templated":true}]}}